{"id":1095,"date":"2024-09-20T13:54:15","date_gmt":"2024-09-20T11:54:15","guid":{"rendered":"https:\/\/aevolvi.com\/o-poder-da-transformacao-interior-como-iniciar-sua-jornada-de-crescimento-pessoal\/"},"modified":"2024-09-26T10:22:43","modified_gmt":"2024-09-26T08:22:43","slug":"o-poder-da-transformacao-interior-como-iniciar-sua-jornada-de-crescimento-pessoal","status":"publish","type":"post","link":"https:\/\/aevolvi.com\/pt-br\/o-poder-da-transformacao-interior-como-iniciar-sua-jornada-de-crescimento-pessoal\/","title":{"rendered":"O poder da transforma\u00e7\u00e3o interior: como iniciar sua jornada de crescimento pessoal"},"content":{"rendered":"\n<p>Na vida, muitas vezes nos deparamos com desafios que parecem intranspon\u00edveis.\nSeja por mudan\u00e7as repentinas, dificuldades emocionais ou simplesmente por nos sentirmos presos em uma rotina que n\u00e3o reflete mais quem realmente somos, todos n\u00f3s j\u00e1 passamos por momentos em que desejamos algo mais.\nMas por onde come\u00e7ar?\nComo podemos transformar esses obst\u00e1culos em oportunidades de crescimento?\nA resposta est\u00e1 dentro de n\u00f3s mesmos.    <\/p>\n\n<p>O crescimento pessoal \u00e9 uma jornada que come\u00e7a com uma escolha: a decis\u00e3o de olhar para dentro de voc\u00ea, de enfrentar medos e inseguran\u00e7as e de abra\u00e7ar a mudan\u00e7a com compaix\u00e3o e determina\u00e7\u00e3o.\nNeste artigo, exploramos como iniciar essa jornada de transforma\u00e7\u00e3o interior e como o \u00c6volvi pode ajudar voc\u00ea a encontrar o equil\u00edbrio. <\/p>\n\n<h4 class=\"wp-block-heading\">1. Entender que a transforma\u00e7\u00e3o come\u00e7a de dentro para fora<\/h4>\n\n<p>Nossa sociedade geralmente nos leva a buscar a felicidade e o sucesso externamente: uma carreira perfeita, uma vida familiar impec\u00e1vel ou a conquista de objetivos materiais.\nMas a verdadeira felicidade e o bem-estar duradouro v\u00eam de uma conex\u00e3o profunda com voc\u00ea mesmo.\nO primeiro passo para o crescimento pessoal \u00e9 reconhecer que a mudan\u00e7a genu\u00edna n\u00e3o se refere apenas ao que acontece no exterior, mas a como nos sentimos por dentro.  <\/p>\n\n<p>Isso requer um ato de coragem: parar e refletir.\nO que est\u00e1 me impedindo de ser verdadeiramente feliz?\nQue cren\u00e7as ou medos est\u00e3o me impedindo?\n\u00c9 somente ao responder a essas perguntas que podemos come\u00e7ar a curar nossas feridas e nos libertar das correntes emocionais que nos prendem.   <\/p>\n\n<h4 class=\"wp-block-heading\">2. Amar a si mesmo \u00e9 o primeiro passo para o crescimento<\/h4>\n\n<p>O segundo passo talvez seja o mais dif\u00edcil para muitos: aprender a amar a si mesmo, com todas as suas imperfei\u00e7\u00f5es.\nMuitas vezes, tendemos a esconder as partes de n\u00f3s mesmos que consideramos inaceit\u00e1veis, achando que elas n\u00e3o merecem aten\u00e7\u00e3o ou afeto.\nEntretanto, \u00e9 justamente aceitando e amando essas partes que podemos come\u00e7ar a nos curar.  <\/p>\n\n<p>Na <strong>\u00c6volvi<\/strong>, acreditamos que a jornada para uma vida plena e realizada come\u00e7a aqui mesmo: com o amor-pr\u00f3prio.\nQuando voc\u00ea aprende a amar a si mesmo, descobre que n\u00e3o precisa de uma varinha m\u00e1gica para melhorar sua vida.\nVoc\u00ea s\u00f3 precisa dar um pequeno passo a mais em dire\u00e7\u00e3o \u00e0 conscientiza\u00e7\u00e3o e \u00e0 aceita\u00e7\u00e3o, com bondade e paci\u00eancia.  <\/p>\n\n<h4 class=\"wp-block-heading\">3. Supera\u00e7\u00e3o de obst\u00e1culos com as ferramentas certas<\/h4>\n\n<p>O caminho do crescimento pessoal nem sempre \u00e9 f\u00e1cil.\nHaver\u00e1 momentos em que voc\u00ea se sentir\u00e1 desanimado ou sobrecarregado.\nMas \u00e9 justamente nesses momentos que \u00e9 importante que voc\u00ea tenha as ferramentas certas para lidar com as dificuldades.\nT\u00e9cnicas como a aten\u00e7\u00e3o plena, que ajudam voc\u00ea a se manter presente e centrado, ou terapias psicof\u00edsicas, que trabalham tanto o corpo quanto a mente, podem ser de grande ajuda.   <\/p>\n\n<p>Na \u00c6volvi, desenvolvemos um m\u00e9todo chamado &#8220;O Segredo dos Seis Pilares&#8221;, uma abordagem hol\u00edstica que orienta voc\u00ea para o equil\u00edbrio em seis \u00e1reas fundamentais da sua vida.\nPor meio desse caminho, voc\u00ea pode superar os desafios que o impedem de avan\u00e7ar e descobrir uma vers\u00e3o nova, mais forte e mais consciente de si mesmo. <\/p>\n\n<h4 class=\"wp-block-heading\">4. A jornada \u00e9 cont\u00ednua, mas cada passo conta<\/h4>\n\n<p>O crescimento pessoal n\u00e3o \u00e9 uma meta a ser alcan\u00e7ada, mas uma jornada cont\u00ednua.\nTodos os dias temos a chance de aprender algo novo sobre n\u00f3s mesmos e de dar um passo em dire\u00e7\u00e3o \u00e0 pessoa que queremos nos tornar.\nO mais importante \u00e9 que voc\u00ea n\u00e3o se apresse e n\u00e3o se julgue com muita severidade.\nCada passo, mesmo o menor, \u00e9 significativo.   <\/p>\n\n<p>Se voc\u00ea est\u00e1 lendo este artigo, \u00e9 prov\u00e1vel que j\u00e1 tenha ouvido o chamado para a mudan\u00e7a.\nN\u00e3o o ignore.\nEmbora o caminho possa parecer dif\u00edcil, saiba que voc\u00ea n\u00e3o est\u00e1 sozinho.\nNa \u00c6volvi, estamos aqui para caminhar ao seu lado, fornecendo o apoio e as ferramentas de que voc\u00ea precisa para enfrentar os desafios e transformar sua vida.   <\/p>\n\n<h4 class=\"wp-block-heading\">5. Participe da jornada com \u00c6volvi<\/h4>\n\n<p>O momento de voc\u00ea come\u00e7ar \u00e9 agora.\nN\u00e3o espere que a vida mude magicamente por conta pr\u00f3pria; assuma o controle de sua jornada.\nSe voc\u00ea se sente pronto para descobrir seu potencial oculto e se libertar das barreiras que o impedem, convidamos voc\u00ea a se juntar a n\u00f3s na \u00c6volvi.\nJuntos, podemos construir o caminho para que voc\u00ea tenha uma vida aut\u00eantica e gratificante.   <\/p>\n\n<p><strong>Inscreva-se agora<\/strong> e comece sua jornada rumo a uma nova transforma\u00e7\u00e3o.<\/p>\n","protected":false},"excerpt":{"rendered":"<p>Na vida, muitas vezes nos deparamos com desafios que parecem intranspon\u00edveis. Seja por mudan\u00e7as repentinas, dificuldades emocionais ou simplesmente por nos sentirmos presos em uma rotina que n\u00e3o reflete mais quem realmente somos, todos n\u00f3s j\u00e1 passamos por momentos em que desejamos algo mais. Mas por onde come\u00e7ar? Como podemos transformar esses obst\u00e1culos em oportunidades [&hellip;]<\/p>\n","protected":false},"author":2,"featured_media":1096,"comment_status":"closed","ping_status":"closed","sticky":false,"template":"","format":"standard","meta":{"_seopress_robots_primary_cat":"","_seopress_titles_title":"","_seopress_titles_desc":"","_seopress_robots_index":"","footnotes":""},"categories":[52],"tags":[],"class_list":["post-1095","post","type-post","status-publish","format-standard","has-post-thumbnail","hentry","category-crescimento-pessoal"],"_links":{"self":[{"href":"https:\/\/aevolvi.com\/pt-br\/wp-json\/wp\/v2\/posts\/1095","targetHints":{"allow":["GET"]}}],"collection":[{"href":"https:\/\/aevolvi.com\/pt-br\/wp-json\/wp\/v2\/posts"}],"about":[{"href":"https:\/\/aevolvi.com\/pt-br\/wp-json\/wp\/v2\/types\/post"}],"author":[{"embeddable":true,"href":"https:\/\/aevolvi.com\/pt-br\/wp-json\/wp\/v2\/users\/2"}],"replies":[{"embeddable":true,"href":"https:\/\/aevolvi.com\/pt-br\/wp-json\/wp\/v2\/comments?post=1095"}],"version-history":[{"count":0,"href":"https:\/\/aevolvi.com\/pt-br\/wp-json\/wp\/v2\/posts\/1095\/revisions"}],"wp:featuredmedia":[{"embeddable":true,"href":"https:\/\/aevolvi.com\/pt-br\/wp-json\/wp\/v2\/media\/1096"}],"wp:attachment":[{"href":"https:\/\/aevolvi.com\/pt-br\/wp-json\/wp\/v2\/media?parent=1095"}],"wp:term":[{"taxonomy":"category","embeddable":true,"href":"https:\/\/aevolvi.com\/pt-br\/wp-json\/wp\/v2\/categories?post=1095"},{"taxonomy":"post_tag","embeddable":true,"href":"https:\/\/aevolvi.com\/pt-br\/wp-json\/wp\/v2\/tags?post=1095"}],"curies":[{"name":"wp","href":"https:\/\/api.w.org\/{rel}","templated":true}]}}